{"id":270,"date":"2023-10-27T15:12:28","date_gmt":"2023-10-27T18:12:28","guid":{"rendered":"https:\/\/consertolavaesecadf.com\/?p=270"},"modified":"2023-12-27T17:38:57","modified_gmt":"2023-12-27T20:38:57","slug":"o-que-muda-nos-ultimos-modelos-de-lava-e-seca","status":"publish","type":"post","link":"https:\/\/consertolavaesecadf.com\/index.php\/2023\/10\/27\/o-que-muda-nos-ultimos-modelos-de-lava-e-seca\/","title":{"rendered":"O que muda nos modelos de lava e seca recentes?"},"content":{"rendered":"<p>Que inven\u00e7\u00e3o moderna \u00e9 a m\u00e1quina de lavar, n\u00e3o \u00e9 mesmo? E a Lava e Seca ent\u00e3o? Uma revolu\u00e7\u00e3o!<\/p>\n<p>Nos anos 60, surgiram as primeiras m\u00e1quinas de lavar de carga frontal, que revolucionaram o mercado. Essas m\u00e1quinas eram mais eficientes em termos de \u00e1gua e energia e tinham uma capacidade maior de lavagem. Elas usavam um tambor horizontal que girava lentamente para lavar a roupa e n\u00e3o exigiam um agitador. As m\u00e1quinas de lavar de carga frontal tamb\u00e9m foram as primeiras a apresentar programas de lavagem personalizados para diferentes tipos de tecido, como algod\u00e3o, l\u00e3 e seda. As primeiras m\u00e1quinas de lavar de carga frontal eram caras, mas tornaram-se mais acess\u00edveis nos anos 70 e 80.<\/p>\n<p>No Brasil, a lava e seca se popularizou na d\u00e9cada de 2010. Antes disso, as m\u00e1quinas de lavar roupa eram mais comuns, pois eram mais baratas e f\u00e1ceis de encontrar. No entanto, a lava e seca oferece uma s\u00e9rie de vantagens sobre a m\u00e1quina de lavar roupa, como a praticidade de lavar e secar as roupas em um \u00fanico ciclo, e a economia de tempo e esfor\u00e7o.<\/p>\n<p>Por\u00e9m, o que difere as m\u00e1quinas dos \u00faltimos dois anos, 2021 e 2022, para as lan\u00e7adas em 2023?<\/p>\n<p>As fabricantes est\u00e3o cada vez mais trazendo a internet das coisas, conex\u00e3o, intelig\u00eancia artificial, al\u00e9m de observar necessidades espec\u00edficas, como a de capacidade em kg, lavagem silenciosa, economia de \u00e1guae limpeza eficiente. Vamos trazer algumas dessas novidades:<\/p>\n<p><strong>Lava e Seca Smart LG 17kg Wi-Fi ThinQ<\/strong><\/p>\n<p><img loading=\"lazy\" decoding=\"async\" class=\"alignnone size-medium wp-image-271\" src=\"https:\/\/consertolavaesecadf.com\/wp-content\/uploads\/2023\/12\/lava-e-seca-LG-300x300.jpg\" alt=\"\" width=\"300\" height=\"300\" srcset=\"https:\/\/consertolavaesecadf.com\/wp-content\/uploads\/2023\/12\/lava-e-seca-LG-300x300.jpg 300w, https:\/\/consertolavaesecadf.com\/wp-content\/uploads\/2023\/12\/lava-e-seca-LG-150x150.jpg 150w, https:\/\/consertolavaesecadf.com\/wp-content\/uploads\/2023\/12\/lava-e-seca-LG-230x230.jpg 230w, https:\/\/consertolavaesecadf.com\/wp-content\/uploads\/2023\/12\/lava-e-seca-LG-400x400.jpg 400w, https:\/\/consertolavaesecadf.com\/wp-content\/uploads\/2023\/12\/lava-e-seca-LG.jpg 500w\" sizes=\"auto, (max-width: 300px) 100vw, 300px\" \/><\/p>\n<p>A LG lan\u00e7ou esse modelo ideal para fam\u00edlias grandes. Isso porque, a Lava e Seca Smart LG 17kg WD17BV2S6BA, \u00e9 uma m\u00e1quina com capacidade ampla atendendo roupas de cama, edredons, toalhas e mais, estimulando o aproveitamento completo.<\/p>\n<p>Ela conta com 14 programas de lavagem, al\u00e9m de 6 movimentos de lavagem com alta velocidade de rota\u00e7\u00e3o. Possui sensor de carga, auxiliando na escolha do ciclo correto, evitando danos ao material. Com intelig\u00eancia artificial e conex\u00e3o wi-fi, que contribuem para o uso tecnol\u00f3gico e f\u00e1cil. Bem como, aviso sonoro de t\u00e9rmino do processo de lavagem, garantindo mais praticidade \u00e0s suas responsabilidades dom\u00e9sticas.<\/p>\n<p>O tambor 4D \u00e9 em inox e pl\u00e1stico, conferindo resist\u00eancia, durabilidade e estabilidade, fazendo desta lava e seca uma das mais silenciosas do mercado, mesmo com sua ampla capacidade. O que tamb\u00e9m auxilia na forma\u00e7\u00e3o de bolhas de sab\u00e3o que penetram profundamente nos fios, eliminando totalmente a sujeira. Realiza a limpeza das pe\u00e7as com \u00e1gua fria, quente e vapor, oferendo versatilidade na forma de lavagem.<\/p>\n<p>Com o lembrete da fun\u00e7\u00e3o vapor atender, desde roupas pesadas como edredons at\u00e9 leves, como camisetas, removendo agentes alerg\u00eanicos. E capacidade de secagem de 10 quilos, indicando possibilidade de uso em diversas pe\u00e7as, ideal para quem tem problemas com secagem natural.<\/p>\n<p>M\u00e1quina ideal para fam\u00edlias grandes. Se esse n\u00e3o \u00e9 o seu caso, segue outro lan\u00e7amento:<\/p>\n<p>&nbsp;<\/p>\n<p><strong>Lava e Seca Smart LG VC4 13kg Intelig\u00eancia Artificial AIDD\u2122 \u2013 CV5013WC4A<\/strong><\/p>\n<p><img loading=\"lazy\" decoding=\"async\" class=\"alignnone size-medium wp-image-272\" src=\"https:\/\/consertolavaesecadf.com\/wp-content\/uploads\/2023\/12\/Lava-e-Seca-Brasilia-300x300.jpg\" alt=\"\" width=\"300\" height=\"300\" srcset=\"https:\/\/consertolavaesecadf.com\/wp-content\/uploads\/2023\/12\/Lava-e-Seca-Brasilia-300x300.jpg 300w, https:\/\/consertolavaesecadf.com\/wp-content\/uploads\/2023\/12\/Lava-e-Seca-Brasilia-150x150.jpg 150w, https:\/\/consertolavaesecadf.com\/wp-content\/uploads\/2023\/12\/Lava-e-Seca-Brasilia-230x230.jpg 230w, https:\/\/consertolavaesecadf.com\/wp-content\/uploads\/2023\/12\/Lava-e-Seca-Brasilia-400x400.jpg 400w, https:\/\/consertolavaesecadf.com\/wp-content\/uploads\/2023\/12\/Lava-e-Seca-Brasilia.jpg 500w\" sizes=\"auto, (max-width: 300px) 100vw, 300px\" \/><\/p>\n<p>Precisa de uma lava e seca grande, mas n\u00e3o tem muito espa\u00e7o?<\/p>\n<p>Se sim, voc\u00ea pode escolher a Lava e Seca Smart LG VC4 13kg. Uma op\u00e7\u00e3o com tampa frontal, capacidade de lavagem de 13 quilos e secagem 8 quilos. Al\u00e9m dos 14 programas de lavagem que possibilitam diversas formas de uso.<\/p>\n<p>S\u00e3o 6 movimentos de lavagem, com motor inverter fornecendo ciclos silenciosos e est\u00e1veis. E tecnologia AIDD, que identifica o melhor ciclo ao tipo de roupa, garantindo manuten\u00e7\u00e3o dos tecidos, auxiliando na manuten\u00e7\u00e3o das cores e estrutura dos tecidos. E tamb\u00e9m realiza lavagem a frio, \u00e1gua quente e vapor quente nas roupas, removendo manchas, sujeiras impregnadas e odores.<\/p>\n<p>O ciclo r\u00e1pido realiza a lavagem das roupas em apenas 14 minutos, um diferencial que vale a pena considerar em momentos de urg\u00eancia. E lavagem completa em 59 minutos, o que promove as avalia\u00e7\u00f5es positivas dos usu\u00e1rios em rela\u00e7\u00e3o \u00e0 qualidade e aproveitamento.<\/p>\n<p>O consumo m\u00e9dio \u00e9 de 0,32kwh\/ ciclo e 74,7 litros de \u00e1gua, indicando ser a melhor op\u00e7\u00e3o para quem busca qualidade, economia e diferentes possibilidades de lavagem. Logo, se busca uma lava e seca para atender at\u00e9 5 pessoas, escolha a Lava e Seca Smart LG VC4 13kg. Sua tecnologia e design ir\u00e3o conquistar!<\/p>\n<p><strong>Lava e seca Smart Lg Vc4 11kg, com Intelig\u00eancia Artificial Aidd e Motor Inverter CV5011TS4<\/strong><\/p>\n<p><img loading=\"lazy\" decoding=\"async\" class=\"alignnone size-medium wp-image-273\" src=\"https:\/\/consertolavaesecadf.com\/wp-content\/uploads\/2023\/12\/lava-e-seca-lg-inverter-conserto-300x300.jpg\" alt=\"\" width=\"300\" height=\"300\" srcset=\"https:\/\/consertolavaesecadf.com\/wp-content\/uploads\/2023\/12\/lava-e-seca-lg-inverter-conserto-300x300.jpg 300w, https:\/\/consertolavaesecadf.com\/wp-content\/uploads\/2023\/12\/lava-e-seca-lg-inverter-conserto-150x150.jpg 150w, https:\/\/consertolavaesecadf.com\/wp-content\/uploads\/2023\/12\/lava-e-seca-lg-inverter-conserto-230x230.jpg 230w, https:\/\/consertolavaesecadf.com\/wp-content\/uploads\/2023\/12\/lava-e-seca-lg-inverter-conserto-400x400.jpg 400w, https:\/\/consertolavaesecadf.com\/wp-content\/uploads\/2023\/12\/lava-e-seca-lg-inverter-conserto.jpg 500w\" sizes=\"auto, (max-width: 300px) 100vw, 300px\" \/><\/p>\n<p>Agora, se busca uma op\u00e7\u00e3o menor e ideal para casais e fam\u00edlias at\u00e9 3 pessoas, uma boa recomenda\u00e7\u00e3o \u00e9 a Lava e Seca LG 11Kg Aidd VC4.<\/p>\n<p>Uma vez que, ela possui capacidade de lavagem de 11 quilos e secagem 7 quilos, com sensor de carga que identifica a quantidade correta de \u00e1gua e produto a ser utilizado. Gerando economia na conta de luz e \u00e1gua, ideal para melhor custo benef\u00edcio na aquisi\u00e7\u00e3o. Em rela\u00e7\u00e3o a sua capacidade, para lavagem o quantia m\u00e1xima \u00e9 de 11 quilos para lavagem e 7 para secagem, ideal para pessoas solteiras, casais e fam\u00edlias de at\u00e9 3 pessoas.<\/p>\n<p>Para o funcionamento, conta com 14 ciclos de lavagem e tecnologias exclusivas de intelig\u00eancia artificial que reconhecem o peso da roupa como a textura das roupas, auxiliando na manuten\u00e7\u00e3o e assim, evitando danos nos tecidos. Com possibilidade de lavar com \u00e1gua quente, \u00e1gua fria ou vapor, facilitando processos de remo\u00e7\u00e3o de manchas, odores e sujeiras impregnadas, promovendo melhores resultados que as m\u00e1quinas convencionais.<\/p>\n<p>Tamb\u00e9m possui motor inverter, uma tecnologia que faz dela silenciosa durante o funcionamento, destacando a garantia de 10 anos. Bem como, a intelig\u00eancia artificial que reconhece tipos de tecido e quantidade das roupas, al\u00e9m da conex\u00e3o via wi-fi com comando de voz via Google Assistent, deixando sua casa tecnol\u00f3gica e ideal para facilitar o seu dia a dia.<\/p>\n<p>O cesto \u00e9 100% em inox, conferindo durabilidade, resist\u00eancia, leveza e velocidade. Al\u00e9m da porta frontal e painel digital de f\u00e1cil utiliza\u00e7\u00e3o e escolha dos ciclos dispon\u00edveis. Sendo, uma lava e seca compat\u00edvel com mini lavadora LG,capaz de oferecer ainda mais facilidades ao dia a dia, para lavagem de roupas roupas, al\u00e9m de leves, oferecendo uma solu\u00e7\u00e3o vi\u00e1vel para pessoas que precisam lavar pouquinhas pe\u00e7as, com o menor gasto de energia e \u00e1gua poss\u00edvel.<\/p>\n<p>Assim, se busca uma lava e seca menor, com alta performance e \u00f3timas avalia\u00e7\u00f5es dos usu\u00e1rios, escolha a Lava e Seca LG Smart Sec 11kg.<\/p>\n<p>Gostou das nossas dicas?<\/p>\n","protected":false},"excerpt":{"rendered":"<p>Que inven\u00e7\u00e3o moderna \u00e9 a m\u00e1quina de lavar, n\u00e3o \u00e9 mesmo? E a Lava e Seca ent\u00e3o? Uma revolu\u00e7\u00e3o! Nos anos 60, surgiram as primeiras m\u00e1quinas de lavar de carga frontal, que revolucionaram o mercado. Essas m\u00e1quinas eram mais eficientes em termos de \u00e1gua e energia e tinham uma capacidade maior de lavagem. Elas usavam [&hellip;]<\/p>\n","protected":false},"author":1,"featured_media":276,"comment_status":"open","ping_status":"open","sticky":false,"template":"","format":"standard","meta":{"_eb_attr":"","footnotes":""},"categories":[14],"tags":[],"class_list":["post-270","post","type-post","status-publish","format-standard","has-post-thumbnail","hentry","category-review"],"_links":{"self":[{"href":"https:\/\/consertolavaesecadf.com\/index.php\/wp-json\/wp\/v2\/posts\/270","targetHints":{"allow":["GET"]}}],"collection":[{"href":"https:\/\/consertolavaesecadf.com\/index.php\/wp-json\/wp\/v2\/posts"}],"about":[{"href":"https:\/\/consertolavaesecadf.com\/index.php\/wp-json\/wp\/v2\/types\/post"}],"author":[{"embeddable":true,"href":"https:\/\/consertolavaesecadf.com\/index.php\/wp-json\/wp\/v2\/users\/1"}],"replies":[{"embeddable":true,"href":"https:\/\/consertolavaesecadf.com\/index.php\/wp-json\/wp\/v2\/comments?post=270"}],"version-history":[{"count":2,"href":"https:\/\/consertolavaesecadf.com\/index.php\/wp-json\/wp\/v2\/posts\/270\/revisions"}],"predecessor-version":[{"id":354,"href":"https:\/\/consertolavaesecadf.com\/index.php\/wp-json\/wp\/v2\/posts\/270\/revisions\/354"}],"wp:featuredmedia":[{"embeddable":true,"href":"https:\/\/consertolavaesecadf.com\/index.php\/wp-json\/wp\/v2\/media\/276"}],"wp:attachment":[{"href":"https:\/\/consertolavaesecadf.com\/index.php\/wp-json\/wp\/v2\/media?parent=270"}],"wp:term":[{"taxonomy":"category","embeddable":true,"href":"https:\/\/consertolavaesecadf.com\/index.php\/wp-json\/wp\/v2\/categories?post=270"},{"taxonomy":"post_tag","embeddable":true,"href":"https:\/\/consertolavaesecadf.com\/index.php\/wp-json\/wp\/v2\/tags?post=270"}],"curies":[{"name":"wp","href":"https:\/\/api.w.org\/{rel}","templated":true}]}}