{"id":261,"date":"2023-08-27T14:25:33","date_gmt":"2023-08-27T17:25:33","guid":{"rendered":"https:\/\/consertolavaesecadf.com\/?p=261"},"modified":"2023-12-27T15:35:46","modified_gmt":"2023-12-27T18:35:46","slug":"como-escolher-a-lava-e-seca-certa-para-sua-familia","status":"publish","type":"post","link":"https:\/\/consertolavaesecadf.com\/index.php\/2023\/08\/27\/como-escolher-a-lava-e-seca-certa-para-sua-familia\/","title":{"rendered":"Como escolher a lava e seca certa para sua fam\u00edlia?"},"content":{"rendered":"\r\n<p>A lava e seca \u00e9 um eletrodom\u00e9stico essencial para qualquer casa. Ela pode economizar tempo e esfor\u00e7o, deixando suas roupas limpas e secas com facilidade. No entanto, com tantas op\u00e7\u00f5es dispon\u00edveis no mercado, pode ser dif\u00edcil escolher a lava e seca certa para sua fam\u00edlia.<\/p>\r\n\r\n\r\n\r\n<p>Aqui est\u00e3o alguns fatores a considerar ao escolher uma lava e seca:<\/p>\r\n\r\n\r\n\r\n<ul class=\"wp-block-list\">\r\n<li><strong>Tamanho<\/strong><\/li>\r\n<\/ul>\r\n\r\n\r\n\r\n<p>O tamanho da lava e seca deve ser adequado ao tamanho de sua fam\u00edlia. Se voc\u00ea tem uma fam\u00edlia pequena, uma m\u00e1quina de 9 kg pode ser suficiente. No entanto, se voc\u00ea tem uma fam\u00edlia grande ou lava muitas roupas, uma m\u00e1quina maior, de 12 kg ou mais, pode ser uma melhor op\u00e7\u00e3o.<\/p>\r\n\r\n\r\n\r\n<ul class=\"wp-block-list\">\r\n<li><strong>Fun\u00e7\u00f5es<\/strong><\/li>\r\n<\/ul>\r\n\r\n\r\n\r\n<p>As lava e secas oferecem uma variedade de fun\u00e7\u00f5es, como lavagem a seco, lavagem a vapor e ciclos especiais para roupas delicadas. Pense nas necessidades de sua fam\u00edlia e escolha uma m\u00e1quina com as fun\u00e7\u00f5es que voc\u00ea precisa.<\/p>\r\n\r\n\r\n\r\n<ul class=\"wp-block-list\">\r\n<li><strong>Efici\u00eancia energ\u00e9tica<\/strong><\/li>\r\n<\/ul>\r\n\r\n\r\n\r\n<p>As lava e secas mais modernas s\u00e3o mais eficientes em termos de consumo de energia. Isso pode economizar dinheiro em suas contas de energia.<\/p>\r\n\r\n\r\n\r\n<figure class=\"wp-block-image size-full\"><img loading=\"lazy\" decoding=\"async\" width=\"260\" height=\"546\" class=\"wp-image-263\" src=\"https:\/\/consertolavaesecadf.com\/wp-content\/uploads\/2023\/12\/image.png\" alt=\"\" srcset=\"https:\/\/consertolavaesecadf.com\/wp-content\/uploads\/2023\/12\/image.png 260w, https:\/\/consertolavaesecadf.com\/wp-content\/uploads\/2023\/12\/image-143x300.png 143w\" sizes=\"auto, (max-width: 260px) 100vw, 260px\" \/><\/figure>\r\n\r\n\r\n\r\n<ul class=\"wp-block-list\">\r\n<li><strong>Pre\u00e7o<\/strong><\/li>\r\n<\/ul>\r\n\r\n\r\n\r\n<p>Os pre\u00e7os das lava e secas variam de acordo com o tamanho, as fun\u00e7\u00f5es e a marca. Defina um or\u00e7amento antes de come\u00e7ar a comprar.<\/p>\r\n\r\n\r\n\r\n<p>Aqui est\u00e3o algumas dicas adicionais para escolher a lava e seca certa para sua fam\u00edlia:<\/p>\r\n\r\n\r\n\r\n<ul class=\"wp-block-list\">\r\n<li><strong>Leia as avalia\u00e7\u00f5es de produtos<\/strong><\/li>\r\n<\/ul>\r\n\r\n\r\n\r\n<p>Leia as avalia\u00e7\u00f5es de produtos de lava e seca para obter informa\u00e7\u00f5es de outros consumidores. Isso pode ajud\u00e1-lo a tomar uma decis\u00e3o informada.<\/p>\r\n\r\n\r\n\r\n<ul class=\"wp-block-list\">\r\n<li><strong>Compare pre\u00e7os<\/strong><\/li>\r\n<\/ul>\r\n\r\n\r\n\r\n<p>Compare pre\u00e7os de diferentes varejistas para encontrar a melhor oferta.<\/p>\r\n\r\n\r\n\r\n<ul class=\"wp-block-list\">\r\n<li><strong>Pe\u00e7a ajuda a um especialista<\/strong><\/li>\r\n<\/ul>\r\n\r\n\r\n\r\n<p>Se voc\u00ea estiver com dificuldade para escolher uma lava e seca, pe\u00e7a ajuda a um especialista em eletrodom\u00e9sticos. Eles podem ajud\u00e1-lo a encontrar a m\u00e1quina certa para suas necessidades.<br \/>Geralmente, as m\u00e1quinas lava e seca LG tendem a ter menos problemas do que as lava e seca Samsung.<\/p>\r\n","protected":false},"excerpt":{"rendered":"<p>A lava e seca \u00e9 um eletrodom\u00e9stico essencial para qualquer casa. Ela pode economizar tempo e esfor\u00e7o, deixando suas roupas limpas e secas com facilidade. No entanto, com tantas op\u00e7\u00f5es dispon\u00edveis no mercado, pode ser dif\u00edcil escolher a lava e seca certa para sua fam\u00edlia. Aqui est\u00e3o alguns fatores a considerar ao escolher uma lava [&hellip;]<\/p>\n","protected":false},"author":1,"featured_media":265,"comment_status":"open","ping_status":"open","sticky":false,"template":"","format":"standard","meta":{"_eb_attr":"","footnotes":""},"categories":[13],"tags":[7,8,5,6],"class_list":["post-261","post","type-post","status-publish","format-standard","has-post-thumbnail","hentry","category-guia-de-compra","tag-como-escolher-lava-e-seca","tag-conserto-lava-e-seca-df","tag-dicas","tag-lava-e-seca"],"_links":{"self":[{"href":"https:\/\/consertolavaesecadf.com\/index.php\/wp-json\/wp\/v2\/posts\/261","targetHints":{"allow":["GET"]}}],"collection":[{"href":"https:\/\/consertolavaesecadf.com\/index.php\/wp-json\/wp\/v2\/posts"}],"about":[{"href":"https:\/\/consertolavaesecadf.com\/index.php\/wp-json\/wp\/v2\/types\/post"}],"author":[{"embeddable":true,"href":"https:\/\/consertolavaesecadf.com\/index.php\/wp-json\/wp\/v2\/users\/1"}],"replies":[{"embeddable":true,"href":"https:\/\/consertolavaesecadf.com\/index.php\/wp-json\/wp\/v2\/comments?post=261"}],"version-history":[{"count":3,"href":"https:\/\/consertolavaesecadf.com\/index.php\/wp-json\/wp\/v2\/posts\/261\/revisions"}],"predecessor-version":[{"id":266,"href":"https:\/\/consertolavaesecadf.com\/index.php\/wp-json\/wp\/v2\/posts\/261\/revisions\/266"}],"wp:featuredmedia":[{"embeddable":true,"href":"https:\/\/consertolavaesecadf.com\/index.php\/wp-json\/wp\/v2\/media\/265"}],"wp:attachment":[{"href":"https:\/\/consertolavaesecadf.com\/index.php\/wp-json\/wp\/v2\/media?parent=261"}],"wp:term":[{"taxonomy":"category","embeddable":true,"href":"https:\/\/consertolavaesecadf.com\/index.php\/wp-json\/wp\/v2\/categories?post=261"},{"taxonomy":"post_tag","embeddable":true,"href":"https:\/\/consertolavaesecadf.com\/index.php\/wp-json\/wp\/v2\/tags?post=261"}],"curies":[{"name":"wp","href":"https:\/\/api.w.org\/{rel}","templated":true}]}}